{"id":40460,"date":"2025-06-20T19:27:36","date_gmt":"2025-06-20T18:27:36","guid":{"rendered":"https:\/\/1001vertus.com\/?p=40460"},"modified":"2025-06-20T19:27:37","modified_gmt":"2025-06-20T18:27:37","slug":"algodistrofia","status":"publish","type":"post","link":"https:\/\/1001vertus.com\/pt\/2025\/06\/20\/algodystrophie\/","title":{"rendered":"\u00c9 poss\u00edvel conduzir com algodistrofia: precau\u00e7\u00f5es e adapta\u00e7\u00f5es no dia a dia"},"content":{"rendered":"<p><strong>Algodistrofia<\/strong>tamb\u00e9m conhecida como s\u00edndrome da dor regional complexa, levanta uma s\u00e9rie de quest\u00f5es sobre a independ\u00eancia na vida quotidiana. Muitas pessoas querem saber se <strong>condu\u00e7\u00e3o <a href=\"https:\/\/1001vertus.com\/pt\/2024\/09\/17\/dica-da-avo-para-dar-brilho-a-um-carro\/\">autom\u00f3vel<\/a>&nbsp;<\/strong>ainda \u00e9 poss\u00edvel na presen\u00e7a de um <strong>dor cr\u00f3nica<\/strong>. Tudo depende do tipo de <strong>limita\u00e7\u00f5es funcionais<\/strong> encontrados e <strong>recomenda\u00e7\u00f5es m\u00e9dicas<\/strong> obtido. Aqui est\u00e1 uma vis\u00e3o geral das diferentes op\u00e7\u00f5es, conselhos pr\u00e1ticos e ajustamentos necess\u00e1rios para continuar a andar de bicicleta ou, em alguns casos, para considerar outras solu\u00e7\u00f5es adequadas.<\/p>\n<h2><strong>Quais s\u00e3o os efeitos da algodistrofia na capacidade de condu\u00e7\u00e3o?<\/strong><\/h2>\n<p>A rela\u00e7\u00e3o entre <strong>condu\u00e7\u00e3o<\/strong> e <strong>algodistrofia<\/strong> varia consoante a situa\u00e7\u00e3o. Alguns casos impossibilitam a condu\u00e7\u00e3o, nomeadamente quando a doen\u00e7a afecta o membro inferior, como \u00e9 o caso da perna direita dedicada ao acelerador e ao trav\u00e3o. L'<strong>intensidade da dor cr\u00f3nica<\/strong> e a preserva\u00e7\u00e3o da mobilidade t\u00eam uma grande influ\u00eancia nesta capacidade. Uma les\u00e3o do bra\u00e7o pode igualmente dificultar certos movimentos essenciais \u00e0 condu\u00e7\u00e3o.<\/p>\n<p>Sintomas persistentes como <strong>desconforto permanente<\/strong>A restri\u00e7\u00e3o de movimentos ou a perda ocasional de for\u00e7a podem p\u00f4r em causa a seguran\u00e7a rodovi\u00e1ria. Por vezes, a<strong>hipersensibilidade<\/strong> impede qualquer inclina\u00e7\u00e3o prolongada ou movimento brusco, o que complica seriamente a tarefa e torna a condu\u00e7\u00e3o arriscada em determinadas condi\u00e7\u00f5es.<\/p>\n<h3><strong>Principais sintomas que afectam a condu\u00e7\u00e3o<\/strong><\/h3>\n<p>A <strong>dor cont\u00ednua<\/strong>, l'<strong>incapacidade de lidar com<\/strong> Certos objectos, problemas motores ou aumento da fadiga est\u00e3o entre os principais obst\u00e1culos \u00e0 condu\u00e7\u00e3o com algodistrofia. Para muitas pessoas, a independ\u00eancia diminui quando carregar no pedal provoca uma dor significativa.<\/p>\n<p>Participar num <strong>reabilita\u00e7\u00e3o<\/strong> ajuda frequentemente a avaliar em termos concretos o esfor\u00e7o que pode ser feito ao volante. Os profissionais de sa\u00fade determinam ent\u00e3o se <strong>adapta\u00e7\u00f5es de ve\u00edculos<\/strong> pode ser considerada ou se \u00e9 prefer\u00edvel suspender temporariamente a condu\u00e7\u00e3o.<\/p>\n<h3><strong>Impacto psicol\u00f3gico e necessidade de vigil\u00e2ncia<\/strong><\/h3>\n<p>Para al\u00e9m das limita\u00e7\u00f5es f\u00edsicas, a dimens\u00e3o psicol\u00f3gica desempenha um papel fundamental. O medo de um acidente devido \u00e0 dor ou \u00e0 perda de controlo tem uma grande influ\u00eancia na decis\u00e3o de voltar ao volante.<\/p>\n<p>\u00c9 crucial reconhecer os seus pr\u00f3prios limites e estar atento aos sinais enviados pelo seu corpo. Uma troca regular com o <strong>m\u00e9dico de cl\u00ednica geral<\/strong> \u00e9 essencial antes de voltar a conduzir, para evitar qualquer incapacidade imprevista de conduzir.<\/p>\n<h2><strong>Quais s\u00e3o as recomenda\u00e7\u00f5es m\u00e9dicas e de seguran\u00e7a?<\/strong><\/h2>\n<p>Antes de se fazer \u00e0 estrada, \u00e9 essencial consultar um <strong>profissional de sa\u00fade<\/strong>. Poder\u00e1 avaliar a situa\u00e7\u00e3o, emitir um certificado de aptid\u00e3o, se necess\u00e1rio, e aconselhar sobre as boas pr\u00e1ticas para lidar com o problema.<strong>algodistrofia<\/strong>.<\/p>\n<p>Se houver <strong>recomenda\u00e7\u00f5es gerais<\/strong> Cada caso requer uma an\u00e1lise personalizada, uma vez que a evolu\u00e7\u00e3o da doen\u00e7a difere de um indiv\u00edduo para outro. Neste dom\u00ednio, a prud\u00eancia e a transpar\u00eancia s\u00e3o fundamentais para garantir a seguran\u00e7a de todos os intervenientes.<\/p>\n<h3><strong>Crit\u00e9rios m\u00e9dicos para a autoriza\u00e7\u00e3o de condu\u00e7\u00e3o<\/strong><\/h3>\n<p>O m\u00e9dico tem em conta uma s\u00e9rie de crit\u00e9rios essenciais:<\/p>\n<ul>\n<li><strong>Intensidade da dor cr\u00f3nica<\/strong><\/li>\n<li><strong>Limita\u00e7\u00e3o do movimento articular<\/strong><\/li>\n<li><strong>Capacidade de rea\u00e7\u00e3o r\u00e1pida<\/strong> em caso de emerg\u00eancia<\/li>\n<li><strong>Destreza suficiente<\/strong> para operar o volante ou os comandos<\/li>\n<li><strong>Estabilidade emocional<\/strong> e gerir o stress ao volante<\/li>\n<\/ul>\n<p>Se todos estes pontos n\u00e3o forem cumpridos, um <strong>incapacidade de conduzir<\/strong> pode ser notificado, resultando por vezes numa <strong>paragem de trabalho<\/strong> prolongado, especialmente se tiver um emprego que exija que conduza.<\/p>\n<h3><strong>Solu\u00e7\u00f5es tempor\u00e1rias e alternativas<\/strong><\/h3>\n<p>Em determinadas situa\u00e7\u00f5es, \u00e9 prefer\u00edvel utilizar <strong>meios de transporte alternativos<\/strong> durante a fase aguda da doen\u00e7a. O <strong>transportes p\u00fablicos<\/strong>, l'<strong>assist\u00eancia a familiares<\/strong> ou servi\u00e7os adaptados s\u00e3o algumas das op\u00e7\u00f5es a considerar.<\/p>\n<p>Os tempos de crise exigem flexibilidade e adapta\u00e7\u00e3o, especialmente se o <strong>reabilita\u00e7\u00e3o<\/strong> tem sido lento a dar frutos.<\/p>\n<h2><strong>Como pode adaptar o seu ve\u00edculo ou as suas actividades se sofre de algodistrofia?<\/strong><\/h2>\n<p>Quando o <strong>condu\u00e7\u00e3o<\/strong> n\u00e3o \u00e9 totalmente proibido, existem numerosos <strong>adapta\u00e7\u00f5es de ve\u00edculos<\/strong> para restaurar o conforto e a independ\u00eancia. V\u00e1rios dispositivos t\u00e9cnicos ou modifica\u00e7\u00f5es facilitam a vida quotidiana ao volante, especialmente para quem se v\u00ea confrontado com <strong>limita\u00e7\u00f5es duradouras<\/strong>.<\/p>\n<p>Apoio de um <strong>terapeuta ocupacional especializado<\/strong> \u00e9 precioso para escolher o equipamento adequado ao estado de sa\u00fade do condutor. A <strong>prescri\u00e7\u00e3o m\u00e9dica<\/strong> geralmente especifica o n\u00edvel de<strong>assist\u00eancia necess\u00e1ria<\/strong>.<\/p>\n<h3><strong>Exemplos de adapta\u00e7\u00f5es de ve\u00edculos<\/strong><\/h3>\n<p>Consoante a localiza\u00e7\u00e3o dos sintomas, alguns <strong>modifica\u00e7\u00f5es interiores<\/strong> s\u00e3o muito eficazes:<\/p>\n<ul>\n<li><strong>Controlos manuais<\/strong> substituir o uso do p\u00e9 direito<\/li>\n<li><strong>Volante de f\u00e1cil ader\u00eancia<\/strong> ou pega adaptada<\/li>\n<li><strong>Assento ergon\u00f3mico<\/strong> oferecendo um apoio \u00f3timo<\/li>\n<li><strong>Transfer\u00eancia autom\u00e1tica<\/strong> ou semi-autom\u00e1tico entre a cadeira de rodas e o banco do condutor<\/li>\n<li><strong>Ajudas electr\u00f3nicas<\/strong> arranque e estacionamento<\/li>\n<\/ul>\n<p>A <strong>diagn\u00f3stico personalizado<\/strong> O resultado \u00e9 geralmente uma escolha coerente do equipamento, mantendo um certo grau de liberdade sem comprometer a seguran\u00e7a.<\/p>\n<h3><strong>Apoio \u00e0 reabilita\u00e7\u00e3o e acompanhamento regular<\/strong><\/h3>\n<p>Mesmo depois de adaptar o ve\u00edculo, um <strong>programa de reabilita\u00e7\u00e3o<\/strong> permite um controlo mais eficaz da dor e uma recupera\u00e7\u00e3o progressiva das capacidades motoras. A <strong>controlos m\u00e9dicos regulares<\/strong> garante que a situa\u00e7\u00e3o se mant\u00e9m compat\u00edvel com a condu\u00e7\u00e3o.<\/p>\n<p>Para alguns, o<strong>assist\u00eancia pontual<\/strong> A presen\u00e7a de um prestador de cuidados tranquiliza-o e reduz o risco de agravamento de sintomas inesperados.<\/p>\n<h2><strong>Quais s\u00e3o os meus direitos e procedimentos administrativos se n\u00e3o puder conduzir?<\/strong><\/h2>\n<p>Quando o <strong>condu\u00e7\u00e3o<\/strong> torna-se permanentemente imposs\u00edvel devido a algodistrofia, v\u00e1rios <strong>acordos de compensa\u00e7\u00e3o<\/strong> existem para compensar a perda de autonomia ou a cessa\u00e7\u00e3o de atividade devido a um acidente. <strong>paragem de trabalho<\/strong>. Seguir o <strong>procedimentos administrativos<\/strong> Al\u00e9m disso, \u00e9 poss\u00edvel apresentar um pedido de indemniza\u00e7\u00e3o por necessidades especiais.<\/p>\n<p>A declara\u00e7\u00e3o de<strong>inaptid\u00e3o para conduzir<\/strong> pode conduzir a medidas profissionais e sociais adequadas. O contacto com as organiza\u00e7\u00f5es competentes ajuda a garantir o reconhecimento oficial da defici\u00eancia. <strong>limita\u00e7\u00f5es funcionais<\/strong> imposto pela doen\u00e7a.<\/p>\n<h3><strong>Indemniza\u00e7\u00e3o e direitos sociais associados<\/strong><\/h3>\n<p>Consoante a gravidade das sequelas e a dura\u00e7\u00e3o da<strong>incapacidade de condu\u00e7\u00e3o<\/strong>diferente <strong>ajuda financeira<\/strong> est\u00e3o dispon\u00edveis:<\/p>\n<ul>\n<li><strong>Subs\u00eddio para adultos com defici\u00eancia (AAH)<\/strong><\/li>\n<li><strong>Subs\u00eddio de indemniza\u00e7\u00e3o por incapacidade (PCH)<\/strong><\/li>\n<li><strong>Benef\u00edcios dos empregados<\/strong> em caso de aus\u00eancia reconhecida ao trabalho<\/li>\n<li><strong>Adapta\u00e7\u00e3o do posto de trabalho<\/strong> atrav\u00e9s dos recursos da empresa<\/li>\n<\/ul>\n<p>Um dossier bem preparado, acompanhado de todos os <strong>documentos m\u00e9dicos<\/strong>Esta medida permitir\u00e1 acelerar o tratamento das candidaturas aos fundos especializados.<\/p>\n<h3><strong>Medidas a adotar junto das autoridades<\/strong><\/h3>\n<p>Informar o <strong>prefeitura<\/strong> (para qualquer altera\u00e7\u00e3o da carta de condu\u00e7\u00e3o), da entidade patronal ou da caixa de previd\u00eancia faz parte do procedimento administrativo que deve ser seguido. A <strong>m\u00e9dico registado<\/strong> pode ser nomeado para dar uma decis\u00e3o oficial sobre se \u00e9 ou n\u00e3o permitido continuar a conduzir.<\/p>\n<p>Todos estes procedimentos s\u00e3o concebidos para garantir <strong>seguran\u00e7a m\u00e1xima<\/strong>evitando ao mesmo tempo penalizar ainda mais as pessoas j\u00e1 afectadas pela doen\u00e7a. <strong>dor cr\u00f3nica<\/strong> e o impacto psicossocial da algodistrofia.<\/p>\n<h2><strong>Perguntas frequentes sobre a condu\u00e7\u00e3o e a algodistrofia<\/strong><\/h2>\n<h3 itemprop=\"name\"><strong>Um ve\u00edculo tem necessariamente de ser adaptado no caso de algodistrofia que afecte a perna direita?<\/strong><\/h3>\n<p itemprop=\"text\"><strong>N\u00e3o<\/strong>cada situa\u00e7\u00e3o depende da extens\u00e3o da <strong>limita\u00e7\u00f5es funcionais<\/strong> e a capacidade de rea\u00e7\u00e3o da pessoa em causa. Por vezes, s\u00e3o necess\u00e1rias ajudas simples, como um <strong>caixa de velocidades autom\u00e1tica<\/strong> ou um <strong>almofada ergon\u00f3mica<\/strong>. Noutros casos <strong>adapta\u00e7\u00f5es mais avan\u00e7adas<\/strong> tais como controlos manuais ou uma embraiagem automatizada s\u00e3o recomendados. O parecer de um <strong>especialista<\/strong> pode ser utilizado para determinar a solu\u00e7\u00e3o mais adequada.<\/p>\n<ul>\n<li><strong>Transmiss\u00e3o autom\u00e1tica<\/strong> recomenda-se limitar a utiliza\u00e7\u00e3o do p\u00e9 direito<\/li>\n<li><strong>Volante multifun\u00e7\u00f5es<\/strong> para evitar o esfor\u00e7o do bra\u00e7o oposto<\/li>\n<\/ul>\n<h3 itemprop=\"name\"><strong>O que devo fazer se tiver de faltar ao trabalho por causa da algodistrofia?<\/strong><\/h3>\n<p itemprop=\"text\">A <strong>paragem de trabalho<\/strong> deve ser prescrito pelo m\u00e9dico, indicando a dura\u00e7\u00e3o e o tipo de tratamento.<strong>incapacidade de conduzir<\/strong>. Durante este per\u00edodo, o trabalhador recebe <strong>ajudas de custo di\u00e1rias<\/strong>desde que tenha enviado os documentos comprovativos \u00e0s autoridades da seguran\u00e7a social e \u00e0 sua entidade patronal. Por vezes, um <strong>indemniza\u00e7\u00e3o complementar<\/strong> da m\u00fatua ou da caixa de previd\u00eancia complementa o rendimento habitual.<\/p>\n<h3 itemprop=\"name\"><strong>A algodistrofia pode levar \u00e0 incapacidade permanente de conduzir?<\/strong><\/h3>\n<p itemprop=\"text\"><strong>Sim<\/strong>Isto pode acontecer quando o <strong>dor cr\u00f3nica<\/strong> torna-se intenso, o <strong>estagna\u00e7\u00e3o da mobilidade<\/strong> apesar da reabilita\u00e7\u00e3o, ou quando o <strong>recomenda\u00e7\u00f5es m\u00e9dicas<\/strong> desaconselhar formalmente a condu\u00e7\u00e3o. Neste caso, o<strong>incapacidade de conduzir<\/strong> \u00e9 formalizada pelo m\u00e9dico e pelas medidas de<strong>aux\u00edlio \u00e0 reconvers\u00e3o profissional<\/strong> ou o planeamento di\u00e1rio deve ser efectuado.<\/p>\n<table border=\"1\">\n<tbody>\n<tr>\n<th>Crit\u00e9rios avaliados<\/th>\n<th>Consequ\u00eancias condutoras<\/th>\n<\/tr>\n<tr>\n<td><strong>Baixa mobilidade<\/strong> apesar da reeduca\u00e7\u00e3o<\/td>\n<td><strong>Deixar de conduzir<\/strong><\/td>\n<\/tr>\n<tr>\n<td><strong>Dor cr\u00f3nica<\/strong> sem controlo<\/td>\n<td><strong>Notifica\u00e7\u00e3o de inaptid\u00e3o permanente<\/strong><\/td>\n<\/tr>\n<tr>\n<td><strong>Acompanhamento m\u00e9dico desfavor\u00e1vel<\/strong><\/td>\n<td><strong>Suspens\u00e3o ou anula\u00e7\u00e3o da licen\u00e7a<\/strong><\/td>\n<\/tr>\n<\/tbody>\n<\/table>\n<h3 itemprop=\"name\"><strong>Qual a melhor forma de me preparar para voltar a conduzir ap\u00f3s uma fase aguda de algodistrofia?<\/strong><\/h3>\n<p itemprop=\"text\">Voltar ao volante significa seguir rigorosamente as <strong>recomenda\u00e7\u00f5es m\u00e9dicas<\/strong> e desempenhar um papel ativo na <strong>reabilita\u00e7\u00e3o<\/strong>\u00c9 tamb\u00e9m uma boa ideia verificar a sua capacidade de realizar com facilidade todas as tarefas relacionadas com a condu\u00e7\u00e3o. \u00c9 aconselh\u00e1vel considerar um <strong>ajuda ao arranque<\/strong>um teste com um instrutor especializado ou a utiliza\u00e7\u00e3o de<strong>acess\u00f3rios adequados<\/strong> para facilitar a recupera\u00e7\u00e3o.<\/p>\n<ul>\n<li><strong>Programa de recupera\u00e7\u00e3o gradual<\/strong> com exerc\u00edcios espec\u00edficos<\/li>\n<li><strong>Avalia\u00e7\u00e3o preliminar da seguran\u00e7a<\/strong> por um perito m\u00e9dico<\/li>\n<li><strong>Apoio tempor\u00e1rio<\/strong> por um familiar recomendado<\/li>\n<\/ul>","protected":false},"excerpt":{"rendered":"<p>L&rsquo;algodystrophie, aussi appel&eacute;e syndrome douloureux r&eacute;gional complexe, soul&egrave;ve de nombreuses interrogations concernant l&rsquo;autonomie au quotidien. Beaucoup souhaitent savoir si la conduite automobile&nbsp;reste possible en pr&eacute;sence d&rsquo;une douleur chronique. Tout d&eacute;pend du type de limitations fonctionnelles rencontr&eacute;es et des recommandations m&eacute;dicales obtenues. Voici un tour d&rsquo;horizon des diff&eacute;rentes options, conseils pratiques et ajustements n&eacute;cessaires pour continuer [&#8230;]\n","protected":false},"author":3298,"featured_media":40461,"comment_status":"closed","ping_status":"closed","sticky":false,"template":"","format":"standard","meta":{"footnotes":""},"categories":[46],"tags":[],"class_list":["post-40460","post","type-post","status-publish","format-standard","has-post-thumbnail","hentry","category-trucs-et-astuces"],"_links":{"self":[{"href":"https:\/\/1001vertus.com\/pt\/wp-json\/wp\/v2\/posts\/40460","targetHints":{"allow":["GET"]}}],"collection":[{"href":"https:\/\/1001vertus.com\/pt\/wp-json\/wp\/v2\/posts"}],"about":[{"href":"https:\/\/1001vertus.com\/pt\/wp-json\/wp\/v2\/types\/post"}],"author":[{"embeddable":true,"href":"https:\/\/1001vertus.com\/pt\/wp-json\/wp\/v2\/users\/3298"}],"replies":[{"embeddable":true,"href":"https:\/\/1001vertus.com\/pt\/wp-json\/wp\/v2\/comments?post=40460"}],"version-history":[{"count":1,"href":"https:\/\/1001vertus.com\/pt\/wp-json\/wp\/v2\/posts\/40460\/revisions"}],"predecessor-version":[{"id":40462,"href":"https:\/\/1001vertus.com\/pt\/wp-json\/wp\/v2\/posts\/40460\/revisions\/40462"}],"wp:featuredmedia":[{"embeddable":true,"href":"https:\/\/1001vertus.com\/pt\/wp-json\/wp\/v2\/media\/40461"}],"wp:attachment":[{"href":"https:\/\/1001vertus.com\/pt\/wp-json\/wp\/v2\/media?parent=40460"}],"wp:term":[{"taxonomy":"category","embeddable":true,"href":"https:\/\/1001vertus.com\/pt\/wp-json\/wp\/v2\/categories?post=40460"},{"taxonomy":"post_tag","embeddable":true,"href":"https:\/\/1001vertus.com\/pt\/wp-json\/wp\/v2\/tags?post=40460"}],"curies":[{"name":"wp","href":"https:\/\/api.w.org\/{rel}","templated":true}]}}