{"id":941,"date":"2018-11-20T08:16:53","date_gmt":"2018-11-20T07:16:53","guid":{"rendered":"https:\/\/1001vertus.com\/?p=941"},"modified":"2023-01-06T08:16:22","modified_gmt":"2023-01-06T07:16:22","slug":"tutto-quello-che-ce-da-sapere-sul-carbone-di-cocco-attivo","status":"publish","type":"post","link":"https:\/\/1001vertus.com\/it\/2018\/11\/20\/tout-savoir-sur-le-charbon-actif-de-noix-de-coco\/","title":{"rendered":"TUTTO QUELLO CHE C'\u00c8 DA SAPERE SUL CARBONE DI COCCO ATTIVO"},"content":{"rendered":"<p class=\"western\" align=\"justify\"><span style=\"font-family: Arial, sans-serif;\"><span style=\"font-size: medium;\">Ancora una volta, un \"rimedio della nonna\" \u00e8 sotto i riflettori: il carbone attivo di cocco! <\/span><\/span><\/p>\n<p class=\"western\" align=\"justify\"><span style=\"font-family: Arial, sans-serif;\"><span style=\"font-size: medium;\">La polvere sbiancante per denti 100%, di colore nero, \u00e8 presente su ogni lingua, <\/span><\/span><span style=\"font-family: Arial, sans-serif;\"><span style=\"font-size: medium;\">les photos, tests et avis\u00a0fusent sur les r\u00e9seaux sociaux et les influenceurs postent de plus en plus de vid\u00e9os et photos en train de se laver les dents avec cette poudre noire&#8230; <\/span><\/span><\/p>\n<p class=\"western\" align=\"justify\"><span style=\"font-family: Arial, sans-serif;\"><span style=\"font-size: medium;\">C<\/span><\/span><span style=\"font-family: Arial, sans-serif;\"><span style=\"font-size: medium;\">ependant ce n\u2019est pas son seul atout\u00a0; 1001 vertus vous fait d\u00e9couvrir ou red\u00e9couvrir ce produits naturel aux nombreux bienfaits.<\/span><\/span><\/p>\n<p class=\"western\" align=\"justify\"><span style=\"font-family: Arial, sans-serif;\"><span style=\"font-size: medium;\">Aujourd\u2019hui, les formes se sont modernis\u00e9es\u00a0: la poudre a \u00e9t\u00e9 remplac\u00e9e par des g\u00e9lules, des comprim\u00e9s ou des granules, plus faciles d\u2019utilisation. Mais, au fond, c\u2019est toujours exactement le m\u00eame ingr\u00e9dient qui est utilis\u00e9 depuis l\u2019antiquit\u00e9 \u00e9gyptienne. <\/span><\/span><\/p>\n<p class=\"western\" align=\"justify\"><span style=\"font-family: Arial, sans-serif;\"><span style=\"font-size: medium;\">Pour notre part, nous le vendons sous forme de poudre afin de pouvoir l\u2019utiliser pour vos dents et pour votre organisme.<\/span><\/span><\/p>\n<p class=\"western\" align=\"justify\"><span style=\"font-family: Arial, sans-serif;\"><span style=\"font-size: medium;\"><u><b>Charbon v\u00e9g\u00e9tal\u00a0: l\u2019incroyable anecdote<\/b><\/u><\/span><\/span><\/p>\n<p class=\"western\" align=\"justify\"><span style=\"font-family: Arial, sans-serif;\"><span style=\"font-size: medium;\">On pr\u00eate au charbon v\u00e9g\u00e9tal des <\/span><\/span><span style=\"font-family: Arial, sans-serif;\"><span style=\"font-size: medium;\"><b>capacit\u00e9s majeures de d\u00e9toxification<\/b><\/span><\/span><span style=\"font-family: Arial, sans-serif;\"><span style=\"font-size: medium;\"> de l\u2019organisme, comme en t\u00e9moign<\/span><\/span><span style=\"font-family: Arial, sans-serif;\"><span style=\"font-size: medium;\">e cette anecdote de 1831\u00a0: devant les membres de l\u2019Acad\u00e9mie fran\u00e7aise de m\u00e9decine, le pharmacien Touery avala une dose l\u00e9tale d\u2019un <\/span><\/span><span style=\"font-family: Arial, sans-serif;\"><span style=\"font-size: medium;\"><b>potente veleno<\/b><\/span><\/span><span style=\"font-family: Arial, sans-serif;\"><span style=\"font-size: medium;\">\u00a0: la strychnine, enrob\u00e9e de charbon v\u00e9g\u00e9tal et prouva ainsi \u00e0 l\u2019assistance les propri\u00e9t\u00e9s absorbantes de cette substance\u2026 en restant en vie\u00a0! Risqu\u00e9 mais \u00e9patant.<\/span><\/span><\/p>\n<p class=\"western\" align=\"justify\"><span style=\"font-family: Arial, sans-serif;\"><span style=\"font-size: medium;\"><u><b>Qu\u2019est ce que le charbon v\u00e9g\u00e9tal actif\u00a0? <\/b><\/u><\/span><\/span><\/p>\n<p class=\"western\" align=\"justify\"><span style=\"font-family: Arial, sans-serif;\"><span style=\"font-size: medium;\">Le charbon v\u00e9g\u00e9tal est extrait le plus souvent de l\u2019\u00e9corce de noix de coco, de fr\u00eane ou de peuplier. <\/span><\/span><\/p>\n<p class=\"western\" align=\"justify\"><span style=\"font-family: Arial, sans-serif;\"><span style=\"font-size: medium;\">Pour \u00eatre parfaitement efficace et avoir une surface d&rsquo;absorption maximale, le charbon est obtenu en deux \u00e9tapes : la carbonisation et l\u2019activation.<\/span><\/span><\/p>\n<p class=\"western\" align=\"justify\"><span style=\"font-family: Arial, sans-serif;\"><span style=\"font-size: medium;\">- <\/span><\/span><span style=\"font-family: Arial, sans-serif;\"><span style=\"font-size: medium;\"><b>Carbonizzazione<\/b><\/span><\/span> <span style=\"font-family: Arial, sans-serif;\"><span style=\"font-size: medium;\"><b>:<\/b><\/span><\/span><span style=\"font-family: Arial, sans-serif;\"><span style=\"font-size: medium;\"> on calcine des coques de noix de coco en les chauffant \u00e0 une temp\u00e9rature variant entre 600\u00b0C et 900\u00b0C en l\u2019absence d\u2019air.<\/span><\/span><\/p>\n<p class=\"western\" align=\"justify\"><span style=\"font-family: Arial, sans-serif;\"><span style=\"font-size: medium;\">- <\/span><\/span><span style=\"font-family: Arial, sans-serif;\"><span style=\"font-size: medium;\"><b>L\u2019activation :<\/b><\/span><\/span><span style=\"font-family: Arial, sans-serif;\"><span style=\"font-size: medium;\"> le bois est recalcin\u00e9 aux m\u00eames temp\u00e9ratures mais cette fois, en pr\u00e9sence de vapeur d\u2019eau, d\u2019air ou de gaz oxydants. Ceci permet le<\/span><\/span> <span style=\"font-family: Arial, sans-serif;\"><span style=\"font-size: medium;\">d\u00e9veloppement d\u2019un r\u00e9seau de micropores qui seront de v\u00e9ritables pi\u00e8ges \u00e0 mol\u00e9cules ind\u00e9sirables.<\/span><\/span><\/p>\n<p class=\"western\" align=\"justify\"><span style=\"font-family: Arial, sans-serif;\"><span style=\"font-size: medium;\">Cette m\u00e9thode en 2 \u00e9tapes lui donne une tr\u00e8s grande porosit\u00e9 qui lui permet d\u2019absorber jusqu\u2019\u00e0 <\/span><\/span><span style=\"font-family: Arial, sans-serif;\"><span style=\"font-size: medium;\"><b>cento volte<\/b><\/span><\/span><span style=\"font-family: Arial, sans-serif;\"><span style=\"font-size: medium;\"> il suo volume in gas.<\/span><\/span><\/p>\n<p><img decoding=\"async\" class=\"alignnone size-full wp-image-1147\" src=\"https:\/\/1001vertus.com\/wp-content\/uploads\/2018\/11\/charbon2-redim.jpg\" alt=\"\" width=\"1240\" height=\"826\" srcset=\"https:\/\/1001vertus.com\/wp-content\/uploads\/2018\/11\/charbon2-redim.jpg 1240w, https:\/\/1001vertus.com\/wp-content\/uploads\/2018\/11\/charbon2-redim-1000x666.jpg 1000w, https:\/\/1001vertus.com\/wp-content\/uploads\/2018\/11\/charbon2-redim-300x200.jpg 300w, https:\/\/1001vertus.com\/wp-content\/uploads\/2018\/11\/charbon2-redim-768x512.jpg 768w, https:\/\/1001vertus.com\/wp-content\/uploads\/2018\/11\/charbon2-redim-1024x682.jpg 1024w, https:\/\/1001vertus.com\/wp-content\/uploads\/2018\/11\/charbon2-redim-600x400.jpg 600w\" sizes=\"(max-width: 1240px) 100vw, 1240px\" \/><\/p>\n<p>Coque de noix de coco calcin\u00e9e<\/p>\n<p class=\"western\" align=\"justify\"><span style=\"font-family: Arial, sans-serif;\"><span style=\"font-size: medium;\"><u><b>Pourquoi avoir opt\u00e9 pour la noix de coco\u00a0?<\/b><\/u><\/span><\/span><\/p>\n<p class=\"western\" align=\"justify\"><span style=\"font-family: Arial, sans-serif;\"><span style=\"font-size: medium;\">Semplicemente perch\u00e9 il carbone attivo di <\/span><\/span><span style=\"font-family: Arial, sans-serif;\"><span style=\"font-size: medium;\"><b>gusci di cocco<\/b><\/span><\/span> <span style=\"font-family: Arial, sans-serif;\"><span style=\"font-size: medium;\"><b>\u00e8 il pi\u00f9 efficace<\/b><\/span><\/span><span style=\"font-family: Arial, sans-serif;\"><span style=\"font-size: medium;\">. Son pouvoir absorbant est 25 fois sup\u00e9rieur \u00e0 celui du fr\u00eane par exemple.<\/span><\/span><\/p>\n<p class=\"western\" align=\"justify\"><span style=\"font-family: Arial, sans-serif;\"><span style=\"font-size: medium;\"><u><b>Les bienfaits\u00a0du charbon actif\u00a0:<\/b><\/u><\/span><\/span><\/p>\n<p class=\"western\" align=\"justify\"><span style=\"font-family: Arial, sans-serif;\"><span style=\"font-size: medium;\">De par ses propri\u00e9t\u00e9s absorbantes incroyables, le charbon v\u00e9g\u00e9tal actif pr\u00e9sente de nombreux bienfaits, notamment dans le domaine de la sant\u00e9 et de la beaut\u00e9.<\/span><\/span><\/p>\n<ul>\n<li>\n<p class=\"western\" align=\"justify\"><span style=\"font-family: Arial, sans-serif;\"><span style=\"font-size: medium;\"><b>Combatte il gonfiore e altri disturbi di stomaco<\/b><\/span><\/span><span style=\"font-family: Arial, sans-serif;\"><span style=\"font-size: medium;\">. Le charbon v\u00e9g\u00e9tal actif est hautement recommand\u00e9 aux personnes qui, apr\u00e8s le repas, souffrent d&rsquo;inconfort digestif, de ballonnements et de gaz. Pourquoi\u00a0? Tout simplement parce qu&rsquo;il est capable de capturer jusqu&rsquo;\u00e0 100 fois son volume en gaz\u00a0! Quand on en avale une g\u00e9lule apr\u00e8s le repas, ce dernier n&rsquo;a donc pas son pareil pour absorber le trop-plein d&rsquo;air dans les intestins. Du coup, oubli\u00e9s les ballonnements et les flatulences, et place au ventre plat\u00a0!<\/span><\/span><\/p>\n<\/li>\n<\/ul>\n<p class=\"western\" align=\"justify\"><span style=\"font-family: Arial, sans-serif;\"><span style=\"font-size: medium;\">Il est \u00e9galement efficace pour les br\u00fblures d\u2019estomac, les sympt\u00f4mes de l\u2019intestin irritable et les diarrh\u00e9es atopiques et d\u2019origine infectieuse<\/span><\/span><\/p>\n<ul>\n<li>\n<p class=\"western\" align=\"justify\"><span style=\"font-family: Arial, sans-serif;\"><span style=\"font-size: medium;\"><b>Il d\u00e9toxifie l&rsquo;organisme<\/b><\/span><\/span><span style=\"font-family: Arial, sans-serif;\"><span style=\"font-size: medium;\">. Si ces derniers temps, de nombreuses cures d\u00e9tox au charbon se commercialisent un peu partout, ce n&rsquo;est pas un hasard\u00a0: c&rsquo;est parce qu&rsquo;une fois dans notre corps, le charbon v\u00e9g\u00e9tal actif n&rsquo;absorbe pas que l&rsquo;air dans nos intestins. De r\u00e9centes \u00e9tudes scientifiques ont en effet d\u00e9montr\u00e9 qu&rsquo;il \u00e9tait \u00e9galement tr\u00e8s efficace pour pi\u00e9ger, puis \u00e9liminer de notre organisme les toxines, mais \u00e9galement les m\u00e9taux lourds, les chlorures, les pesticides, les m\u00e9dicaments et m\u00eame certains virus. C\u2019est donc un parfait alli\u00e9 naturel contre les intoxications mais aussi la mauvaise haleine.<\/span><\/span><\/p>\n<\/li>\n<\/ul>\n<ul>\n<li>\n<p class=\"western\" align=\"justify\"><span style=\"font-family: Arial, sans-serif;\"><span style=\"font-size: medium;\"><b>Sbianca i denti.<\/b><\/span><\/span><span style=\"font-family: Arial, sans-serif;\"><span style=\"font-size: medium;\"> Certes, il est tout noir, mais le charbon v\u00e9g\u00e9tal actif n&rsquo;en poss\u00e8de pas moins des propri\u00e9t\u00e9s blanchissantes\u00a0! Pour en profiter, il suffit de remplacer notre dentifrice habituel par de la poudre de charbon v\u00e9g\u00e9tal : effet garanti\u00a0! <\/span><\/span><\/p>\n<\/li>\n<\/ul>\n<p class=\"western\" align=\"justify\"><span style=\"font-family: Arial, sans-serif;\"><span style=\"font-size: medium;\">Dot\u00e9e d&rsquo;une formule \u00e9labor\u00e9e pour blanchir en profondeur et \u00e9liminer les t\u00e2ches caus\u00e9es par le tabac, le caf\u00e9 ou le th\u00e9 de mani\u00e8re efficace, cette poudre emp\u00eache \u00e9galement, lors d&rsquo;une utilisation r\u00e9guli\u00e8re, la nouvelle pigmentation de couleur de se fixer \u00e0 nouveau sur vos dents.<\/span><\/span><\/p>\n<ul>\n<li>\n<p class=\"western\" align=\"justify\"><span style=\"font-family: Arial, sans-serif;\"><span style=\"font-size: medium;\"><b>Purifica la pelle<\/b><\/span><\/span><span style=\"font-family: Arial, sans-serif;\"><span style=\"font-size: medium;\">. La derni\u00e8re couleur \u00e0 la mode en cosm\u00e9tique, ce n&rsquo;est plus le vert ni le blanc, mais bien le noir\u00a0! Eh oui\u00a0: le charbon est devenu LE nouveau produit qui fait fureur dans les masques, les gommages et autres soins du visage. Logique\u00a0: pour avoir une peau plus saine, plus nette, d\u00e9barrass\u00e9e des germes qui la font se couvrir de points noirs ou autres boutons, quoi de mieux qu&rsquo;un produit qui absorbe les impuret\u00e9s et les bact\u00e9ries \u00e0 l&rsquo;origine d&rsquo;infections cutan\u00e9es\u00a0?<\/span><\/span><\/p>\n<\/li>\n<\/ul>\n<p class=\"western\" align=\"justify\"><span style=\"font-family: Arial, sans-serif;\"><span style=\"font-size: medium;\">De mani\u00e8re plus anecdotique, il semblerait que l\u2019administration de charbon v\u00e9g\u00e9tal \u00e0 des patients souffrant <\/span><\/span><span style=\"font-family: Arial, sans-serif;\"><span style=\"font-size: medium;\"><b>d\u2019insuffisance r\u00e9nale sous dialyse<\/b><\/span><\/span><span style=\"font-family: Arial, sans-serif;\"><span style=\"font-size: medium;\"> am\u00e9liore leur \u00e9tat. On a d\u00e9montr\u00e9 \u00e9galement que le charbon avait des effets b\u00e9n\u00e9fiques sur la <\/span><\/span><span style=\"font-family: Arial, sans-serif;\"><span style=\"font-size: medium;\"><b>sant\u00e9 cardiovasculaire<\/b><\/span><\/span><span style=\"font-family: Arial, sans-serif;\"><span style=\"font-size: medium;\"> de part ses effets hypocholest\u00e9rol\u00e9miant.<\/span><\/span><\/p>\n<p class=\"western\" align=\"justify\"><span style=\"font-family: Arial, sans-serif;\"><span style=\"font-size: medium;\"><u><b>Charbon v\u00e9g\u00e9tal\u00a0: comment l\u2019utiliser\u00a0?<\/b><\/u><\/span><\/span><\/p>\n<p class=\"western\" align=\"justify\"><span style=\"font-family: Arial, sans-serif;\"><span style=\"font-size: medium;\">En raison de sa tr\u00e8s grande capacit\u00e9 d\u2019adsorption, le charbon v\u00e9g\u00e9tal est actif d\u00e8s son ingestion. Il ne pr\u00e9sente presque aucune contre-indication si ce n\u2019est un risque de constipation due \u00e0 ses propri\u00e9t\u00e9s m\u00eame. Il est recommand\u00e9 de <\/span><\/span><span style=\"font-family: Arial, sans-serif;\"><span style=\"font-size: medium;\"><b>non<\/b><\/span><\/span> <span style=\"font-family: Arial, sans-serif;\"><span style=\"font-size: medium;\"><b>le prendre en m\u00eame temps que d\u2019autres m\u00e9dicaments<\/b><\/span><\/span><span style=\"font-family: Arial, sans-serif;\"><span style=\"font-size: medium;\">, car il risquerait d\u2019adsorber les mol\u00e9cules et donc de <\/span><\/span><span style=\"font-family: Arial, sans-serif;\"><span style=\"font-size: medium;\"><b>diminuer l\u2019efficacit\u00e9 d\u2019un traitement<\/b><\/span><\/span><span style=\"font-family: Arial, sans-serif;\"><span style=\"font-size: medium;\"> in c<\/span><\/span><span style=\"font-family: Arial, sans-serif;\"><span style=\"font-size: medium;\">ours. Il faut espacer la prise du charbon et celle d\u2019un m\u00e9dicament ou de la pilule contraceptive d\u2019au moins deux heures.<\/span><\/span><\/p>\n<p class=\"western\" align=\"justify\"><span style=\"font-family: Arial, sans-serif;\"><span style=\"font-size: medium;\">Par pr\u00e9caution, on d\u00e9conseille son absorption chez les femmes enceintes et les jeunes enfants. En revanche aucun probl\u00e8me pour son utilisation dans le cadre d\u2019un blanchiment dentaire vu qu\u2019on ne l\u2019avale pas.<\/span><\/span><\/p>\n<p class=\"western\" align=\"justify\"><span style=\"font-family: Arial, sans-serif;\"><span style=\"font-size: medium;\"><u><b>E per sbiancare i denti<\/b><\/u><\/span><\/span><span style=\"font-family: Arial, sans-serif;\"><span style=\"font-size: medium;\"><u><b>\u00a0<\/b><\/u><\/span><\/span><span style=\"font-family: Arial, sans-serif;\"><span style=\"font-size: medium;\"><u><b>?<\/b><\/u><\/span><\/span><\/p>\n<p class=\"western\" align=\"justify\"><span style=\"font-family: Arial, sans-serif;\"><span style=\"font-size: medium;\">Voici la r\u00e9ponse en quelques mots<\/span><\/span><span style=\"font-family: Arial, sans-serif;\"><span style=\"font-size: medium;\">\u00a0<\/span><\/span><span style=\"font-family: Arial, sans-serif;\"><span style=\"font-size: medium;\">: <\/span><\/span><span style=\"font-family: Arial, sans-serif;\"><span style=\"font-size: medium;\"><b>Immergere-risciacquare-sorridere! <\/b><\/span><\/span><\/p>\n<p class=\"western\" align=\"justify\"><span style=\"font-family: Arial, sans-serif;\"><span style=\"font-size: medium;\">Trempez votre brosse \u00e0 dents humidifi\u00e9e dans la poudre. Brosser pendant 2-3 minutes puis rincez avant de brosser \u00e0 nouveau avec de l&rsquo;eau pour enlever les quelques r\u00e9sidus restants et rincer enfin une derni\u00e8re fois. <\/span><\/span><\/p>\n<p class=\"western\" align=\"justify\"><span style=\"font-family: Arial, sans-serif;\"><span style=\"font-size: medium;\"><u><b>Voici quelques r\u00e9ponses aux questions fr\u00e9quemment pos\u00e9es quant \u00e0 son utilisation pour les dents :<\/b><\/u><\/span><\/span><\/p>\n<p class=\"western\" align=\"justify\"><span style=\"font-family: Arial, sans-serif;\"><span style=\"font-size: medium;\">D: Quante volte al giorno devo usarlo?<\/span><\/span><\/p>\n<p class=\"western\" align=\"justify\"><span style=\"font-family: Arial, sans-serif;\"><span style=\"font-size: medium;\"><i>R: G\u00e9n\u00e9ralement au moins deux fois par jour et aussi souvent que vous en avez besoin.\u00a0<\/i><\/span><\/span><\/p>\n<p class=\"western\" align=\"justify\"><span style=\"font-family: Arial, sans-serif;\"><span style=\"font-size: medium;\">Q: Quelle quantit\u00e9 dois-je utiliser?<\/span><\/span><\/p>\n<p class=\"western\" align=\"justify\"><span style=\"font-family: Arial, sans-serif;\"><span style=\"font-size: medium;\"><i>R: Couvrir le haut des poils de votre brosse \u00e0 dents suffit amplement, soit une petite quantit\u00e9. Cette poudre se r\u00e9v\u00e9lera donc tr\u00e8s \u00e9conomique!<\/i><\/span><\/span><\/p>\n<p class=\"western\" align=\"justify\"><span style=\"font-family: Arial, sans-serif;\"><span style=\"font-size: medium;\">D: Posso farlo usare ai miei figli?<\/span><\/span><\/p>\n<p class=\"western\" align=\"justify\"><span style=\"font-family: Arial, sans-serif;\"><span style=\"font-size: medium;\"><i>R: Notre Charbon Actif de Coco BIO est sans danger pour tous les \u00e2ges. Il convient aux parents de d\u00e9cider \u00e0 quel \u00e2ge ils d\u00e9buteront.<\/i><\/span><\/span><\/p>\n<p class=\"western\" align=\"justify\"><span style=\"font-family: Arial, sans-serif;\"><span style=\"font-size: medium;\">D: Posso usarlo se ho denti o gengive sensibili?<\/span><\/span><\/p>\n<p class=\"western\" align=\"justify\"><span style=\"font-family: Arial, sans-serif;\"><span style=\"font-size: medium;\"><i>R: Bien s\u00fbr vous le pouvez. Notre poudre de Charbon Actif ne provoque pas d&rsquo;irritation. Il est pr\u00e9f\u00e9rable\u00a0d&rsquo;utiliser une brosse \u00e0 dents \u00e0 poils doux.<\/i><\/span><\/span><\/p>\n<p class=\"western\" align=\"justify\"><span style=\"font-family: Arial, sans-serif;\"><span style=\"font-size: medium;\">D: Posso usarlo se ho un apparecchio per i denti?<\/span><\/span><\/p>\n<p class=\"western\" align=\"justify\"><span style=\"font-family: Arial, sans-serif;\"><span style=\"font-size: medium;\"><i>R: La polvere non sbianca sotto gli apparecchi ortodontici. <\/i><\/span><\/span><span style=\"font-family: Arial, sans-serif;\"><span style=\"font-size: medium;\"><i>M<\/i><\/span><\/span><span style=\"font-family: Arial, sans-serif;\"><span style=\"font-size: medium;\"><i>ieux vaut donc patientez jusqu&rsquo;\u00e0 ce qu&rsquo;il soit retir\u00e9.<\/i><\/span><\/span><\/p>\n<p class=\"western\" align=\"justify\"><span style=\"font-family: Arial, sans-serif;\"><span style=\"font-size: medium;\">Q: Puis-je l&rsquo;utiliser apr\u00e8s avoir pratiqu\u00e9 un soin dentaire?<\/span><\/span><\/p>\n<p class=\"western\" align=\"justify\"><span style=\"font-family: Arial, sans-serif;\"><span style=\"font-size: medium;\"><i>R: Il n&rsquo;y a aucun mal \u00e0 l&rsquo;utiliser apr\u00e8s un soin dentaire. Elle se montre m\u00eame tr\u00e8s efficace. L&rsquo;utilisation du Charbon Actif de Coco est la mani\u00e8re la plus s\u00fbre pour blanchir et nettoyer en profondeur vos dents. Si vous \u00eates soucieux, essayez d&rsquo;abord un petit peu pour \u00eatre s\u00fbr ou v\u00e9rifiez aupr\u00e8s de votre dentiste. Mais au passage, cette poudre a vraiment des effets fabuleux pour \u00e9liminer les t\u00e2ches caus\u00e9es par le tabac, le th\u00e9 ou le caf\u00e9 sur les dents.<\/i><\/span><\/span><\/p>\n<p class=\"western\" align=\"justify\"><span style=\"font-family: Arial, sans-serif;\"><span style=\"font-size: medium;\">Q: Peut-elle \u00eatre utilis\u00e9e par une femme enceinte?<\/span><\/span><\/p>\n<p class=\"western\" align=\"justify\"><span style=\"font-family: Arial, sans-serif;\"><span style=\"font-size: medium;\"><i>R: \u00c9tant une poudre aux ingr\u00e9dients 100% Naturels, en comparaison avec les dentifrices standards ou un autre produit de blanchiment plein de produits chimiques, c&rsquo;est le meilleur choix et le plus s\u00fbr. Si vous \u00eates toujours inquiet \u00e0 ce sujet, nous vous recommandons de consulter votre professionnel de sant\u00e9.<\/i><\/span><\/span><\/p>\n<p class=\"western\" align=\"justify\"><span style=\"font-family: Arial, sans-serif;\"><span style=\"font-size: medium;\">Q: En combien de temps puis-je voir des r\u00e9sultats?<\/span><\/span><\/p>\n<p class=\"western\" align=\"justify\"><span style=\"font-family: Arial, sans-serif;\"><span style=\"font-size: medium;\"><i>R: Les r\u00e9sultats varient en fonction de la teinte de l&rsquo;\u00e9mail des diff\u00e9rentes personnes. Certains pourront\u00a0remarquer un blanchiment imm\u00e9diat. Pour d&rsquo;autres, ce sera un proc\u00e9d\u00e9 progressif. Ces ingr\u00e9dients BIO et 100% Naturels ne poss\u00e8dent aucun composant chimique de blanchiment et ne rendront pas les dents plus blanches que leur couleur naturelle. Cette poudre assure une efficacit\u00e9 remarquable pour l&rsquo;\u00e9limination des t\u00e2ches externes et des colorations des dents caus\u00e9es par la nourriture, les boissons et le tabac. Elle enl\u00e8ve \u00e9galement le tartre et la mauvaise haleine.<\/i><\/span><\/span><\/p>\n<p class=\"western\" align=\"justify\"><span style=\"font-family: Arial, sans-serif;\"><span style=\"font-size: medium;\">D: La polvere sbiancante per denti al carbone di cocco BIO contiene sostanze chimiche?<\/span><\/span><\/p>\n<p class=\"western\" align=\"justify\"><span style=\"font-family: Arial, sans-serif;\"><span style=\"font-size: medium;\"><i>R: Assolutamente no! La nostra polvere sbiancante per denti a base di cocco biologico \u00e8 naturale al 100%.<\/i><\/span><\/span><\/p>\n<p class=\"western\" align=\"justify\"><span style=\"font-family: Arial, sans-serif;\"><span style=\"font-size: medium;\">Q: Va-t-elle ab\u00eemer l&rsquo;\u00e9mail?<\/span><\/span><\/p>\n<p class=\"western\" align=\"justify\"><span style=\"font-family: Arial, sans-serif;\"><span style=\"font-size: medium;\"><i>R: Non, elle va renforcer l&rsquo;\u00e9mail de vos dents.<\/i><\/span><\/span><\/p>\n<p class=\"western\" align=\"justify\"><span style=\"font-family: Arial, sans-serif;\"><span style=\"font-size: medium;\">D: Cambier\u00e0 il PH della bocca?<\/span><\/span><\/p>\n<p class=\"western\" align=\"justify\"><span style=\"font-family: Arial, sans-serif;\"><span style=\"font-size: medium;\"><i>R: Oui, il est utile de changer le PH et de garder votre bouche en bonne sant\u00e9 et d&rsquo;\u00e9liminer efficacement les mauvaises bact\u00e9ries existantes dans les caries dentaires et gingivites.<\/i><\/span><\/span><\/p>\n<p class=\"western\" align=\"justify\"><span style=\"font-family: Arial, sans-serif;\"><span style=\"font-size: medium;\">Q: Puis-je utiliser \u00e9galement un dentifrice normal pour me brosser les dents?<\/span><\/span><\/p>\n<p class=\"western\" align=\"justify\"><span style=\"font-family: Arial, sans-serif;\"><span style=\"font-size: medium;\"><i>R: Oui vous le pouvez. Certains l&rsquo;ont compl\u00e8tement remplac\u00e9 par la poudre de Charbon Actif de Noix de Coco. D&rsquo;autres l&rsquo;utilisent le soir tandis qu&rsquo;ils utilisent un dentifrice normal le matin. Si vous voulez utiliser les deux en m\u00eame temps, nous recommandons plut\u00f4t l&rsquo;utilisation de la poudre de Charbon Actif de Coco d&rsquo;abord puis ensuite le dentifrice normal. Cela aidera ainsi \u00e0 enlever les quelques r\u00e9sidus de poudre noire restants \u00e9ventuellement entre les dents.<\/i><\/span><\/span><\/p>\n<p class=\"western\" align=\"justify\"><span style=\"font-family: Arial, sans-serif;\"><span style=\"font-size: medium;\">Q: Comment dois-je la conserver apr\u00e8s ouverture?<\/span><\/span><\/p>\n<p class=\"western\" align=\"justify\"><span style=\"font-family: Arial, sans-serif;\"><span style=\"font-size: medium;\"><i>R: Cette poudre n&rsquo;a pas r\u00e9ellement de date limite d&rsquo;utilisation (la date mentionn\u00e9e ne l&rsquo;est donc uniquement pour une conformit\u00e9 \u00e0 la l\u00e9gislation) elle peut donc \u00eatre utilis\u00e9e tr\u00e8s longtemps. Veuillez juste \u00e0 ne pas y verser de l&rsquo;eau ou autres choses. Jetez un \u0153il \u00e0 sa consistance, si elle est toujours noire et poudreuse vous pouvez toujours l&rsquo;utiliser. Conservez-la dans un endroit frais et sec.<\/i><\/span><\/span><\/p>\n<p class=\"western\" align=\"justify\"><span style=\"font-family: Arial, sans-serif;\"><span style=\"font-size: medium;\">D: C'\u00e8 un rischio se lo ingerisco?<\/span><\/span><\/p>\n<p class=\"western\" align=\"justify\"><span style=\"font-family: Arial, sans-serif;\"><span style=\"font-size: medium;\"><i>R: Non aucun, car en plus d&rsquo;\u00eatre de qualit\u00e9 Cosm\u00e9tique elle est \u00e9galement de qualit\u00e9 alimentaire.<\/i><\/span><\/span><\/p>","protected":false},"excerpt":{"rendered":"<p>Une fois de plus, c\u2019est un \u00ab\u00a0rem\u00e8de de grand-m\u00e8re\u00a0\u00bb qui est sous le feu des projecteurs\u00a0: le charbon actif de noix de coco\u00a0! Cette poudre noire 100% naturelle qui blanchit les dents est sur toutes les langues, les photos, tests et avis\u00a0fusent sur les r\u00e9seaux sociaux et les influenceurs postent de plus en plus de [&#8230;]\n","protected":false},"author":3299,"featured_media":1143,"comment_status":"closed","ping_status":"closed","sticky":false,"template":"","format":"standard","meta":{"footnotes":""},"categories":[47,46,1],"tags":[],"class_list":["post-941","post","type-post","status-publish","format-standard","has-post-thumbnail","hentry","category-remedes","category-trucs-et-astuces","category-vertus"],"_links":{"self":[{"href":"https:\/\/1001vertus.com\/it\/wp-json\/wp\/v2\/posts\/941","targetHints":{"allow":["GET"]}}],"collection":[{"href":"https:\/\/1001vertus.com\/it\/wp-json\/wp\/v2\/posts"}],"about":[{"href":"https:\/\/1001vertus.com\/it\/wp-json\/wp\/v2\/types\/post"}],"author":[{"embeddable":true,"href":"https:\/\/1001vertus.com\/it\/wp-json\/wp\/v2\/users\/3299"}],"replies":[{"embeddable":true,"href":"https:\/\/1001vertus.com\/it\/wp-json\/wp\/v2\/comments?post=941"}],"version-history":[{"count":5,"href":"https:\/\/1001vertus.com\/it\/wp-json\/wp\/v2\/posts\/941\/revisions"}],"predecessor-version":[{"id":1148,"href":"https:\/\/1001vertus.com\/it\/wp-json\/wp\/v2\/posts\/941\/revisions\/1148"}],"wp:featuredmedia":[{"embeddable":true,"href":"https:\/\/1001vertus.com\/it\/wp-json\/wp\/v2\/media\/1143"}],"wp:attachment":[{"href":"https:\/\/1001vertus.com\/it\/wp-json\/wp\/v2\/media?parent=941"}],"wp:term":[{"taxonomy":"category","embeddable":true,"href":"https:\/\/1001vertus.com\/it\/wp-json\/wp\/v2\/categories?post=941"},{"taxonomy":"post_tag","embeddable":true,"href":"https:\/\/1001vertus.com\/it\/wp-json\/wp\/v2\/tags?post=941"}],"curies":[{"name":"wp","href":"https:\/\/api.w.org\/{rel}","templated":true}]}}