{"id":40460,"date":"2025-06-20T19:27:36","date_gmt":"2025-06-20T18:27:36","guid":{"rendered":"https:\/\/1001vertus.com\/?p=40460"},"modified":"2025-06-20T19:27:37","modified_gmt":"2025-06-20T18:27:37","slug":"algodistrofia","status":"publish","type":"post","link":"https:\/\/1001vertus.com\/es\/2025\/06\/20\/algodystrophie\/","title":{"rendered":"Se puede conducir con algodistrofia: precauciones y adaptaciones cotidianas"},"content":{"rendered":"<p><strong>Algodistrofia<\/strong>tambi\u00e9n conocido como s\u00edndrome de dolor regional complejo, plantea una serie de preguntas sobre la independencia en la vida cotidiana. Muchas personas quieren saber si <strong>conducir <a href=\"https:\/\/1001vertus.com\/es\/2024\/09\/17\/consejo-de-la-abuela-para-sacar-brillo-al-coche\/\">automoci\u00f3n<\/a>&nbsp;<\/strong>sigue siendo posible en presencia de un <strong>dolor cr\u00f3nico<\/strong>. Todo depende del tipo de <strong>limitaciones funcionales<\/strong> encontrado y <strong>recomendaciones m\u00e9dicas<\/strong> obtenidos. He aqu\u00ed un resumen de las diferentes opciones, consejos pr\u00e1cticos y ajustes necesarios para seguir montando o, en algunos casos, para considerar otras soluciones adecuadas.<\/p>\n<h2><strong>\u00bfCu\u00e1les son los efectos de la algodistrofia en la capacidad para conducir?<\/strong><\/h2>\n<p>La relaci\u00f3n entre <strong>conducir<\/strong> y <strong>algodistrofia<\/strong> var\u00eda en funci\u00f3n de cada situaci\u00f3n. Algunos casos imposibilitan la conducci\u00f3n, sobre todo cuando la enfermedad afecta al miembro inferior, como la pierna derecha dedicada al acelerador y al freno. L'<strong>intensidad del dolor cr\u00f3nico<\/strong> y preservar la movilidad influyen mucho en esta capacidad. Los da\u00f1os en el brazo tambi\u00e9n pueden dificultar ciertos movimientos esenciales para la conducci\u00f3n.<\/p>\n<p>S\u00edntomas persistentes como <strong>malestar continuo<\/strong>La restricci\u00f3n de movimientos o la p\u00e9rdida ocasional de fuerza pueden poner en peligro la seguridad vial. En ocasiones, la<strong>hipersensibilidad<\/strong> impide cualquier inclinaci\u00f3n prolongada o movimiento brusco, lo que complica seriamente la tarea y hace que la conducci\u00f3n sea arriesgada en determinadas condiciones.<\/p>\n<h3><strong>Principales s\u00edntomas que afectan a la conducci\u00f3n<\/strong><\/h3>\n<p>A <strong>dolor continuo<\/strong>, l'<strong>incapacidad para manejar<\/strong> Algunos objetos, los problemas motores o el aumento de la fatiga son algunos de los principales obst\u00e1culos para conducir con algodistrofia. Para muchas personas, la independencia disminuye cuando pisar el pedal provoca un dolor importante.<\/p>\n<p>Participe en un <strong>rehabilitaci\u00f3n<\/strong> a menudo ayuda a evaluar de forma concreta cu\u00e1nto esfuerzo puede realizarse al volante. Los profesionales sanitarios determinan entonces si <strong>adaptaciones de veh\u00edculos<\/strong> o si es preferible suspender temporalmente la conducci\u00f3n.<\/p>\n<h3><strong>Impacto psicol\u00f3gico y necesidad de vigilancia<\/strong><\/h3>\n<p>Adem\u00e1s de las limitaciones f\u00edsicas, la dimensi\u00f3n psicol\u00f3gica desempe\u00f1a un papel esencial. El miedo a sufrir un accidente debido al dolor o a la p\u00e9rdida de control influye mucho en la decisi\u00f3n de volver a ponerse al volante.<\/p>\n<p>Es fundamental reconocer los propios l\u00edmites y permanecer atento a las se\u00f1ales que env\u00eda el cuerpo. Un intercambio regular con el <strong>m\u00e9dico generalista<\/strong> es esencial antes de volver a conducir, para evitar cualquier incapacidad imprevista para hacerlo.<\/p>\n<h2><strong>\u00bfCu\u00e1les son las recomendaciones m\u00e9dicas y de seguridad?<\/strong><\/h2>\n<p>Antes de salir a la carretera, es imprescindible consultar a un <strong>profesional sanitario<\/strong>. Podr\u00e1 evaluar la situaci\u00f3n, expedir un certificado de idoneidad si es necesario y aconsejar sobre buenas pr\u00e1cticas para tratar el problema.<strong>algodistrofia<\/strong>.<\/p>\n<p>Si alguna <strong>recomendaciones generales<\/strong> Cada caso requiere un an\u00e1lisis personalizado, porque la evoluci\u00f3n de la enfermedad difiere de un individuo a otro. En este caso, la prudencia y la transparencia son primordiales para garantizar la seguridad de todos los afectados.<\/p>\n<h3><strong>Criterios m\u00e9dicos para autorizar la conducci\u00f3n<\/strong><\/h3>\n<p>El m\u00e9dico tiene en cuenta una serie de criterios esenciales:<\/p>\n<ul>\n<li><strong>Intensidad del dolor cr\u00f3nico<\/strong><\/li>\n<li><strong>Limitaci\u00f3n del movimiento articular<\/strong><\/li>\n<li><strong>Capacidad de reacci\u00f3n r\u00e1pida<\/strong> en caso de emergencia<\/li>\n<li><strong>Destreza suficiente<\/strong> para manejar el volante o los mandos<\/li>\n<li><strong>Estabilidad emocional<\/strong> y gesti\u00f3n del estr\u00e9s al volante<\/li>\n<\/ul>\n<p>Si no se cumplen todos estos puntos, se <strong>incapacidad para conducir<\/strong> puede ser notificada, lo que a veces da lugar a una <strong>interrupci\u00f3n del trabajo<\/strong> prolongada, sobre todo si tienes un trabajo que requiere que conduzcas.<\/p>\n<h3><strong>Soluciones temporales y alternativas<\/strong><\/h3>\n<p>En determinadas situaciones, es preferible utilizar <strong>medios de transporte alternativos<\/strong> durante la fase aguda de la enfermedad. El sitio <strong>transporte p\u00fablico<\/strong>, l'<strong>asistencia a familiares<\/strong> o servicios adaptados son algunas de las opciones a considerar.<\/p>\n<p>Los tiempos de crisis exigen flexibilidad y adaptaci\u00f3n, sobre todo si la <strong>rehabilitaci\u00f3n<\/strong> ha tardado en dar sus frutos.<\/p>\n<h2><strong>\u00bfC\u00f3mo puede adaptar su veh\u00edculo o sus actividades si padece algodistrofia?<\/strong><\/h2>\n<p>Cuando el <strong>conducir<\/strong> no est\u00e1 totalmente prohibida, existen numerosos <strong>adaptaciones de veh\u00edculos<\/strong> para recuperar la comodidad y la independencia. Diversos dispositivos t\u00e9cnicos o modificaciones facilitan la vida diaria al volante, especialmente para quienes se enfrentan a <strong>limitaciones duraderas<\/strong>.<\/p>\n<p>Apoyo de un <strong>terapeuta ocupacional especializado<\/strong> es inestimable para elegir el equipamiento adecuado al estado de salud del conductor. A <strong>prescripci\u00f3n m\u00e9dica<\/strong> generalmente especifica el nivel de<strong>asistencia necesaria<\/strong>.<\/p>\n<h3><strong>Ejemplos de adaptaciones de veh\u00edculos<\/strong><\/h3>\n<p>Dependiendo de la localizaci\u00f3n de los s\u00edntomas, ciertos <strong>modificaciones interiores<\/strong> son muy eficaces:<\/p>\n<ul>\n<li><strong>Controles manuales<\/strong> sustituir el uso del pie derecho<\/li>\n<li><strong>Volante de f\u00e1cil agarre<\/strong> o asa adaptada<\/li>\n<li><strong>Asientos ergon\u00f3micos<\/strong> ofrecer un apoyo \u00f3ptimo<\/li>\n<li><strong>Transferencia autom\u00e1tica<\/strong> o semiautom\u00e1tico entre la silla de ruedas y el asiento del conductor<\/li>\n<li><strong>Ayudas electr\u00f3nicas<\/strong> arranque y estacionamiento<\/li>\n<\/ul>\n<p>A <strong>diagn\u00f3stico personalizado<\/strong> suele dar lugar a una elecci\u00f3n coherente de los equipos, manteniendo un cierto grado de libertad sin comprometer la seguridad.<\/p>\n<h3><strong>Apoyo a la rehabilitaci\u00f3n y seguimiento peri\u00f3dico<\/strong><\/h3>\n<p>Incluso despu\u00e9s de adaptar el veh\u00edculo, un <strong>programa de rehabilitaci\u00f3n<\/strong> permite controlar mejor el dolor y recuperar gradualmente la capacidad motriz. A <strong>revisiones m\u00e9dicas peri\u00f3dicas<\/strong> garantiza que la situaci\u00f3n siga siendo compatible con la conducci\u00f3n.<\/p>\n<p>Para algunos, la<strong>asistencia puntual<\/strong> La presencia de un cuidador tranquiliza y reduce el riesgo de que empeoren los s\u00edntomas inesperados.<\/p>\n<h2><strong>\u00bfCu\u00e1les son mis derechos y procedimientos administrativos si no puedo conducir?<\/strong><\/h2>\n<p>Cuando el <strong>conducir<\/strong> definitivamente imposible debido a la algodistrofia, varios <strong>acuerdos de compensaci\u00f3n<\/strong> existen para compensar la p\u00e9rdida de autonom\u00eda o el cese de actividad debido a una discapacidad. <strong>interrupci\u00f3n del trabajo<\/strong>. Siga las <strong>procedimientos administrativos<\/strong> Adem\u00e1s, es posible reclamar por necesidades especiales.<\/p>\n<p>La declaraci\u00f3n de<strong>incapacidad para conducir<\/strong> puede dar lugar a medidas profesionales y sociales adecuadas. Ponerse en contacto con las organizaciones pertinentes ayuda a garantizar el reconocimiento oficial de la discapacidad. <strong>limitaciones funcionales<\/strong> impuesta por la enfermedad.<\/p>\n<h3><strong>Indemnizaciones y derechos sociales asociados<\/strong><\/h3>\n<p>Dependiendo de la gravedad de las secuelas y de la duraci\u00f3n de la<strong>incapacidad para conducir<\/strong>diferente <strong>ayuda financiera<\/strong> est\u00e1n disponibles:<\/p>\n<ul>\n<li><strong>Subsidio para adultos discapacitados (AAH)<\/strong><\/li>\n<li><strong>Prestaci\u00f3n compensatoria por incapacidad (PCH)<\/strong><\/li>\n<li><strong>Prestaciones a los empleados<\/strong> en caso de ausencia laboral reconocida<\/li>\n<li><strong>Adaptar el puesto de trabajo<\/strong> a trav\u00e9s de los recursos de la empresa<\/li>\n<\/ul>\n<p>Un expediente bien preparado, acompa\u00f1ado de todos los <strong>documentos m\u00e9dicos<\/strong>As\u00ed se agilizar\u00e1 la tramitaci\u00f3n de las solicitudes a los fondos especializados.<\/p>\n<h3><strong>Gestiones ante las autoridades<\/strong><\/h3>\n<p>Informar al <strong>prefectura<\/strong> (para cualquier cambio en el permiso de conducir), el empresario o la caja del seguro de enfermedad forma parte del procedimiento administrativo que debe seguirse. A <strong>m\u00e9dico colegiado<\/strong> puede ser designado para emitir un dictamen oficial sobre si est\u00e1 permitido o no seguir conduciendo.<\/p>\n<p>Todos estos procedimientos est\u00e1n dise\u00f1ados para garantizar <strong>m\u00e1xima seguridad<\/strong>evitando al mismo tiempo penalizar a\u00fan m\u00e1s a las personas ya afectadas por la enfermedad. <strong>dolor cr\u00f3nico<\/strong> y el impacto psicosocial de la algodistrofia.<\/p>\n<h2><strong>Preguntas frecuentes sobre la conducci\u00f3n y la algodistrofia<\/strong><\/h2>\n<h3 itemprop=\"name\"><strong>\u00bfHay que adaptar necesariamente un veh\u00edculo en caso de algodistrofia que afecte a la pierna derecha?<\/strong><\/h3>\n<p itemprop=\"text\"><strong>No<\/strong>cada situaci\u00f3n depende del alcance de la <strong>limitaciones funcionales<\/strong> y la capacidad de reacci\u00f3n de la persona afectada. A veces basta con ayudas sencillas, como un <strong>caja de cambios autom\u00e1tica<\/strong> o un <strong>coj\u00edn ergon\u00f3mico<\/strong>. En otros casos <strong>adaptaciones m\u00e1s avanzadas<\/strong> como mandos manuales o un embrague automatizado. La opini\u00f3n de un <strong>especialista<\/strong> para determinar la soluci\u00f3n m\u00e1s adecuada.<\/p>\n<ul>\n<li><strong>Transmisi\u00f3n autom\u00e1tica<\/strong> se recomienda limitar el uso del pie derecho<\/li>\n<li><strong>Volante multifunci\u00f3n<\/strong> para no forzar el brazo contrario<\/li>\n<\/ul>\n<h3 itemprop=\"name\"><strong>\u00bfQu\u00e9 debo hacer si tengo que ausentarme del trabajo a causa de la algodistrofia?<\/strong><\/h3>\n<p itemprop=\"text\">A <strong>interrupci\u00f3n del trabajo<\/strong> debe ser prescrito por el m\u00e9dico, indicando la duraci\u00f3n y el tipo de tratamiento.<strong>incapacidad para conducir<\/strong>. Durante este periodo, el trabajador recibe <strong>dietas diarias<\/strong>siempre que haya enviado los justificantes a la Seguridad Social y a su empresa. A veces <strong>compensaci\u00f3n adicional<\/strong> de la mutua o caja de previsi\u00f3n complementa los ingresos habituales.<\/p>\n<h3 itemprop=\"name\"><strong>\u00bfPuede la algodistrofia conllevar la inhabilitaci\u00f3n permanente para conducir?<\/strong><\/h3>\n<p itemprop=\"text\"><strong>S\u00ed<\/strong>Esto puede ocurrir cuando el <strong>dolor cr\u00f3nico<\/strong> se vuelve intenso, que el <strong>la movilidad se estanca<\/strong> a pesar de la rehabilitaci\u00f3n, o cuando el <strong>recomendaciones m\u00e9dicas<\/strong> desaconsejar formalmente la conducci\u00f3n. En este caso, el<strong>incapacidad para conducir<\/strong> se formaliza mediante el m\u00e9dico y las medidas de<strong>ayuda al reciclaje<\/strong> o la planificaci\u00f3n del d\u00eda a d\u00eda.<\/p>\n<table border=\"1\">\n<tbody>\n<tr>\n<th>Criterios evaluados<\/th>\n<th>Consecuencias conductivas<\/th>\n<\/tr>\n<tr>\n<td><strong>Baja movilidad<\/strong> a pesar de la reeducaci\u00f3n<\/td>\n<td><strong>Dejar de conducir<\/strong><\/td>\n<\/tr>\n<tr>\n<td><strong>Dolor cr\u00f3nico<\/strong> incontrolado<\/td>\n<td><strong>Notificaci\u00f3n de incapacidad permanente<\/strong><\/td>\n<\/tr>\n<tr>\n<td><strong>Seguimiento m\u00e9dico desfavorable<\/strong><\/td>\n<td><strong>Suspensi\u00f3n o anulaci\u00f3n de la licencia<\/strong><\/td>\n<\/tr>\n<\/tbody>\n<\/table>\n<h3 itemprop=\"name\"><strong>\u00bfCu\u00e1l es la mejor manera de prepararse para volver a conducir despu\u00e9s de una fase aguda de algodistrofia?<\/strong><\/h3>\n<p itemprop=\"text\">Volver a ponerse al volante significa seguir estrictamente las <strong>recomendaciones m\u00e9dicas<\/strong> y desempe\u00f1ar un papel activo en la <strong>rehabilitaci\u00f3n<\/strong>Tambi\u00e9n es una buena idea comprobar su capacidad para realizar con soltura todas las tareas relacionadas con la conducci\u00f3n. Es aconsejable considerar una <strong>ayuda inicial<\/strong>una prueba con un instructor especializado o el uso de<strong>accesorios adecuados<\/strong> para facilitar la recuperaci\u00f3n.<\/p>\n<ul>\n<li><strong>Programa de recuperaci\u00f3n gradual<\/strong> con ejercicios espec\u00edficos<\/li>\n<li><strong>Evaluaci\u00f3n preliminar de la seguridad<\/strong> por un experto m\u00e9dico<\/li>\n<li><strong>Ayuda temporal<\/strong> por un familiar recomendado<\/li>\n<\/ul>","protected":false},"excerpt":{"rendered":"<p>L&rsquo;algodystrophie, aussi appel&eacute;e syndrome douloureux r&eacute;gional complexe, soul&egrave;ve de nombreuses interrogations concernant l&rsquo;autonomie au quotidien. Beaucoup souhaitent savoir si la conduite automobile&nbsp;reste possible en pr&eacute;sence d&rsquo;une douleur chronique. Tout d&eacute;pend du type de limitations fonctionnelles rencontr&eacute;es et des recommandations m&eacute;dicales obtenues. Voici un tour d&rsquo;horizon des diff&eacute;rentes options, conseils pratiques et ajustements n&eacute;cessaires pour continuer [&#8230;]\n","protected":false},"author":3298,"featured_media":40461,"comment_status":"closed","ping_status":"closed","sticky":false,"template":"","format":"standard","meta":{"footnotes":""},"categories":[46],"tags":[],"class_list":["post-40460","post","type-post","status-publish","format-standard","has-post-thumbnail","hentry","category-trucs-et-astuces"],"_links":{"self":[{"href":"https:\/\/1001vertus.com\/es\/wp-json\/wp\/v2\/posts\/40460","targetHints":{"allow":["GET"]}}],"collection":[{"href":"https:\/\/1001vertus.com\/es\/wp-json\/wp\/v2\/posts"}],"about":[{"href":"https:\/\/1001vertus.com\/es\/wp-json\/wp\/v2\/types\/post"}],"author":[{"embeddable":true,"href":"https:\/\/1001vertus.com\/es\/wp-json\/wp\/v2\/users\/3298"}],"replies":[{"embeddable":true,"href":"https:\/\/1001vertus.com\/es\/wp-json\/wp\/v2\/comments?post=40460"}],"version-history":[{"count":1,"href":"https:\/\/1001vertus.com\/es\/wp-json\/wp\/v2\/posts\/40460\/revisions"}],"predecessor-version":[{"id":40462,"href":"https:\/\/1001vertus.com\/es\/wp-json\/wp\/v2\/posts\/40460\/revisions\/40462"}],"wp:featuredmedia":[{"embeddable":true,"href":"https:\/\/1001vertus.com\/es\/wp-json\/wp\/v2\/media\/40461"}],"wp:attachment":[{"href":"https:\/\/1001vertus.com\/es\/wp-json\/wp\/v2\/media?parent=40460"}],"wp:term":[{"taxonomy":"category","embeddable":true,"href":"https:\/\/1001vertus.com\/es\/wp-json\/wp\/v2\/categories?post=40460"},{"taxonomy":"post_tag","embeddable":true,"href":"https:\/\/1001vertus.com\/es\/wp-json\/wp\/v2\/tags?post=40460"}],"curies":[{"name":"wp","href":"https:\/\/api.w.org\/{rel}","templated":true}]}}